{"id":3479,"date":"2016-03-28T00:56:42","date_gmt":"2016-03-27T22:56:42","guid":{"rendered":"http:\/\/lingva.com\/?p=3479"},"modified":"2016-03-28T01:20:08","modified_gmt":"2016-03-27T23:20:08","slug":"cuvene-srpske-istorijske-licnosti","status":"publish","type":"post","link":"https:\/\/lingva.com\/en\/cuvene-srpske-istorijske-licnosti\/","title":{"rendered":"Famous Serbian Historic Figures"},"content":{"rendered":"<p><figure id=\"attachment_3480\" aria-describedby=\"caption-attachment-3480\" style=\"width: 620px\" class=\"wp-caption aligncenter\"><a href=\"https:\/\/lingva.com\/wp-content\/uploads\/2016\/03\/Vi\u0161egrad-Bridge.jpg\"><img loading=\"lazy\" decoding=\"async\" class=\"wp-image-3480 size-large\" src=\"https:\/\/lingva.com\/wp-content\/uploads\/2016\/03\/Vi\u0161egrad-Bridge-1024x576.jpg\" alt=\"Vi\u0161egrad Bridge\" width=\"620\" height=\"349\" srcset=\"https:\/\/lingva.com\/wp-content\/uploads\/2016\/03\/Vi\u0161egrad-Bridge-1024x576.jpg 1024w, https:\/\/lingva.com\/wp-content\/uploads\/2016\/03\/Vi\u0161egrad-Bridge-300x169.jpg 300w\" sizes=\"(max-width: 620px) 100vw, 620px\" \/><\/a><figcaption id=\"caption-attachment-3480\" class=\"wp-caption-text\">Vi\u0161egrad Bridge by Lingva Valjevo<\/figcaption><\/figure><\/p>\n<p>Exploring the information about famous Serbian historical figures, together with our teacher Katarina Andri\u0107, we found out many diverse interests and occupations of, first of all, Milutin Milankovi\u0107, who explained why and how ice ages\u00a0occurred in the geological past of the Earth, and which climate changes can be expected on it in the future, as well as even more famous Nikola Tesla, who\u00a0created one of the world&#8217;s first wireless remote control and wanted to produce free electrical power for the whole world. We also described two men of letters \u2013 Vuk Stafanovi\u0107 Karad\u017ei\u0107, whose parents named him Vuk (\u201eWolf\u201c) so that evil spirits would not hurt him and who had such an excellent memory that he was able to write a book of over 100 lyrical and epic poems he memorized as a child, and Ivo Andri\u0107, Croatian by origin, who in his youth was a member of several South Slav organisations that opposed the Austro-Hungarian occupation, and who became 1961 Nobel prize laureate in literature &#8220;for the epic force with which he has traced themes and depicted human destinies drawn from the history of his country&#8221;.<\/p>\n<h3 class=\"western\"><a href=\"http:\/\/svxea3t9r.edu.glogster.com\/milutin-milankovic-by-jelisaveta-and-bogdan\/\"><span style=\"color: #e34650;\"><span style=\"font-family: inherit;\"><span style=\"font-size: large;\">Milutin Milankovic\u00a0by Jelisaveta Maksimovic and Bogdan Radojicic<\/span><\/span><\/span><\/a><\/h3>\n<h3 class=\"western\"><a href=\"https:\/\/www.youtube.com\/watch?v=opTUPpRoU40\"><span style=\"color: #d3635c;\"><span style=\"font-family: inherit;\"><span style=\"font-size: large;\">Milutin Milankovic Film Presentation<\/span><\/span><\/span><\/a><\/h3>\n<h3 class=\"western\"><span style=\"color: #e34650;\"><span style=\"font-family: inherit;\"><span style=\"font-size: large;\"><a href=\"http:\/\/suxshjssb.edu.glogster.com\/nikola-tesla-by-ognjen-and-marija\/\">Nikola Tesla<\/a>\u00a0by Marija Djukic and Ognjen Stanojlovic<\/span><\/span><\/span><\/h3>\n<h3 class=\"western\"><a href=\"https:\/\/www.youtube.com\/watch?v=0vXt7S5gOAE\"><span style=\"color: #d3635c;\"><span style=\"font-family: inherit;\"><span style=\"font-size: large;\">Nikola Tesla Film Presentation<\/span><\/span><\/span><\/a><\/h3>\n<h3 class=\"western\"><a href=\"http:\/\/sbgdndpz4.edu.glogster.com\/vuk-karadzic\/\"><span style=\"color: #e34650;\"><span style=\"font-family: inherit;\"><span style=\"font-size: large;\">Vuk Stefanovic Karadzic\u00a0by Andjela Miskovic and Aleksandar Trifkovic<\/span><\/span><\/span><\/a><\/h3>\n<h3 class=\"western\"><a href=\"https:\/\/www.youtube.com\/watch?v=766tUuXdZGU\"><span style=\"color: #d3635c;\"><span style=\"font-family: inherit;\"><span style=\"font-size: large;\">Vuk Stefanovic Karadzic Film Presentation<\/span><\/span><\/span><\/a><\/h3>\n<h3 class=\"western\"><span style=\"color: #e34650;\"><span style=\"font-family: inherit;\"><span style=\"font-size: large;\"><a href=\"http:\/\/spa2eymx2.edu.glogster.com\/ivo-andric-by-natalija-and-nikola\/\">Ivo Andric<\/a>\u00a0by Natalija Nedeljkovic and Nikola Lukic<\/span><\/span><\/span><\/h3>\n<h3 class=\"western\"><a href=\"https:\/\/www.youtube.com\/watch?v=YKaxrWx8wog\"><span style=\"color: #d3635c;\"><span style=\"font-family: inherit;\"><span style=\"font-size: large;\">Ivo Andric Film Presentation<\/span><\/span><\/span><\/a><\/h3>\n<p><\/p>","protected":false},"excerpt":{"rendered":"<p>Exploring the information about famous Serbian historical figures, together with our teacher Katarina Andri\u0107, we found out many diverse interests and occupations of, first of all, Milutin Milankovi\u0107, who explained why and how ice ages\u00a0occurred in the geological past of the Earth, and which climate changes can be expected on it in the future, as &hellip;<\/p>\n","protected":false},"author":2,"featured_media":0,"comment_status":"closed","ping_status":"open","sticky":false,"template":"","format":"standard","meta":{"footnotes":""},"categories":[26,3],"tags":[42,5,25,13,18,53,39,19],"_links":{"self":[{"href":"https:\/\/lingva.com\/en\/wp-json\/wp\/v2\/posts\/3479"}],"collection":[{"href":"https:\/\/lingva.com\/en\/wp-json\/wp\/v2\/posts"}],"about":[{"href":"https:\/\/lingva.com\/en\/wp-json\/wp\/v2\/types\/post"}],"author":[{"embeddable":true,"href":"https:\/\/lingva.com\/en\/wp-json\/wp\/v2\/users\/2"}],"replies":[{"embeddable":true,"href":"https:\/\/lingva.com\/en\/wp-json\/wp\/v2\/comments?post=3479"}],"version-history":[{"count":12,"href":"https:\/\/lingva.com\/en\/wp-json\/wp\/v2\/posts\/3479\/revisions"}],"predecessor-version":[{"id":3492,"href":"https:\/\/lingva.com\/en\/wp-json\/wp\/v2\/posts\/3479\/revisions\/3492"}],"wp:attachment":[{"href":"https:\/\/lingva.com\/en\/wp-json\/wp\/v2\/media?parent=3479"}],"wp:term":[{"taxonomy":"category","embeddable":true,"href":"https:\/\/lingva.com\/en\/wp-json\/wp\/v2\/categories?post=3479"},{"taxonomy":"post_tag","embeddable":true,"href":"https:\/\/lingva.com\/en\/wp-json\/wp\/v2\/tags?post=3479"}],"curies":[{"name":"wp","href":"https:\/\/api.w.org\/{rel}","templated":true}]}}